{"id":734,"date":"2023-03-20T20:15:54","date_gmt":"2023-03-20T19:15:54","guid":{"rendered":"https:\/\/ibrahimafall.com\/?p=734"},"modified":"2023-03-21T06:47:34","modified_gmt":"2023-03-21T05:47:34","slug":"invitation","status":"publish","type":"post","link":"https:\/\/ibrahimafall.com\/?p=734","title":{"rendered":"INVITATION"},"content":{"rendered":"\n<p><strong>Conf\u00e9rence &#8211; D\u00e9bat sur le travail autour de l&rsquo;ouvrage : \u00ab L&rsquo;entreprise contre la connaissance du travail r\u00e9el ? \u00ab L&rsquo;humain d&rsquo;abord \u00bb ou le syndrome du sacrifi\u00e9 en premier \u00bb d\u2019Ibrahima FALL<\/strong><\/p>\n\n\n\n<figure class=\"wp-block-image size-large\"><img loading=\"lazy\" width=\"316\" height=\"501\" src=\"https:\/\/ibrahimafall.com\/wp-content\/uploads\/2023\/03\/couverture.jpg\" alt=\"\" class=\"wp-image-735\" srcset=\"https:\/\/ibrahimafall.com\/wp-content\/uploads\/2023\/03\/couverture.jpg 316w, https:\/\/ibrahimafall.com\/wp-content\/uploads\/2023\/03\/couverture-189x300.jpg 189w\" sizes=\"(max-width: 316px) 100vw, 316px\" \/><\/figure>\n\n\n\n<p><strong>Nous sommes heureux de vous convier au d\u00e9bat autour de l\u2019ouvrage qui aura lieu le Jeudi 20 avril de <em>18h30 \u00e0 20h30<\/em> dans les locaux de l&rsquo;INSEEC au 29\/31 avenue Claude Vellefaux (Paris X).<\/strong><\/p>\n\n\n\n<p><strong>Il sera aussi question du lancement d&rsquo;une initiative in\u00e9dite \u00ab\u00a0Great work to play ! Le travail r\u00e9el nous concerne \u00a9\u00a0\u00bb pour f\u00e9d\u00e9rer les organisations (entreprises priv\u00e9es et organisations publiques), les acteurs (praticiens, consultants, coachs, enseignants-chercheurs \u2026) autour du travail r\u00e9el.<\/strong><\/p>\n\n\n\n<p><em>Le management fut, de tout temps, un des arbres qui cachaient la for\u00eat du travail. Le grand chamboulement occasionn\u00e9 par la crise sanitaire du Covid, les aspirations des travailleurs, l\u2019insoutenabilit\u00e9 de certaines philosophies manag\u00e9riales, une comp\u00e9tition \u00e9conomique de plus en plus forte par le truchement d\u2019innovations technologiques de rupture ont mis en exergue la n\u00e9cessit\u00e9 de (re)penser le travail pour rendre soutenable l\u2019action collective et par voie de cons\u00e9quence le management et la performance.<\/em><\/p>\n\n\n\n<p><em>Une fois ces constats faits, plusieurs questions restent en suspens&nbsp;: Quoi faire&nbsp;? Comment faire&nbsp;? Quels sont les freins \u00e0 un travail producteur de sant\u00e9 et de performance&nbsp;? Avons-nous le corpus de connaissances pour accompagner ces nouvelles transformations ? Peut-on prescrire ces transformations ? Qui pour accompagner ces transformations&nbsp;? Que faire du passif organisationnel ? Y a-t-il un prix \u00e0 payer&nbsp;\u00e0 soigner le travail ? \u2026<\/em><\/p>\n\n\n\n<p><strong>INFOS PRATIQUES<\/strong><br><strong>Lieu :<\/strong> &nbsp; INSEEC, 29\/31 avenue Claude Vellefaux (Paris X)<\/p>\n\n\n\n<p><em><em>Entr\u00e9e gratuite mais en raison du nombre limit\u00e9 de places, <u>l\u2019inscription est obligatoire<\/u> \u00e0 l\u2019adresse: &nbsp;if@ibrahimafall.com<\/em><\/em><\/p>\n","protected":false},"excerpt":{"rendered":"<p>Conf\u00e9rence &#8211; D\u00e9bat sur le travail autour de l&rsquo;ouvrage : \u00ab L&rsquo;entreprise contre la connaissance du travail r\u00e9el ? \u00ab L&rsquo;humain d&rsquo;abord \u00bb ou le syndrome du sacrifi\u00e9 en premier \u00bb d\u2019Ibrahima FALL Nous sommes heureux de vous convier au d\u00e9bat autour de l\u2019ouvrage qui aura lieu le Jeudi 20 avril de 18h30 \u00e0 20h30 &hellip; <\/p>\n<p class=\"link-more\"><a href=\"https:\/\/ibrahimafall.com\/?p=734\" class=\"more-link\">Continuer la lecture<span class=\"screen-reader-text\"> de &laquo;&nbsp;INVITATION&nbsp;&raquo;<\/span><\/a><\/p>\n","protected":false},"author":1,"featured_media":0,"comment_status":"open","ping_status":"open","sticky":true,"template":"","format":"standard","meta":[],"categories":[17],"tags":[],"_links":{"self":[{"href":"https:\/\/ibrahimafall.com\/index.php?rest_route=\/wp\/v2\/posts\/734"}],"collection":[{"href":"https:\/\/ibrahimafall.com\/index.php?rest_route=\/wp\/v2\/posts"}],"about":[{"href":"https:\/\/ibrahimafall.com\/index.php?rest_route=\/wp\/v2\/types\/post"}],"author":[{"embeddable":true,"href":"https:\/\/ibrahimafall.com\/index.php?rest_route=\/wp\/v2\/users\/1"}],"replies":[{"embeddable":true,"href":"https:\/\/ibrahimafall.com\/index.php?rest_route=%2Fwp%2Fv2%2Fcomments&post=734"}],"version-history":[{"count":6,"href":"https:\/\/ibrahimafall.com\/index.php?rest_route=\/wp\/v2\/posts\/734\/revisions"}],"predecessor-version":[{"id":742,"href":"https:\/\/ibrahimafall.com\/index.php?rest_route=\/wp\/v2\/posts\/734\/revisions\/742"}],"wp:attachment":[{"href":"https:\/\/ibrahimafall.com\/index.php?rest_route=%2Fwp%2Fv2%2Fmedia&parent=734"}],"wp:term":[{"taxonomy":"category","embeddable":true,"href":"https:\/\/ibrahimafall.com\/index.php?rest_route=%2Fwp%2Fv2%2Fcategories&post=734"},{"taxonomy":"post_tag","embeddable":true,"href":"https:\/\/ibrahimafall.com\/index.php?rest_route=%2Fwp%2Fv2%2Ftags&post=734"}],"curies":[{"name":"wp","href":"https:\/\/api.w.org\/{rel}","templated":true}]}}