{"id":592,"date":"2022-12-12T08:56:29","date_gmt":"2022-12-12T07:56:29","guid":{"rendered":"https:\/\/ibrahimafall.com\/?p=592"},"modified":"2022-12-13T07:36:43","modified_gmt":"2022-12-13T06:36:43","slug":"article-dans-le-magazine-strategies","status":"publish","type":"post","link":"https:\/\/ibrahimafall.com\/?p=592","title":{"rendered":"Article dans le magazine \u00ab\u00a0Strat\u00e9gies\u00a0\u00bb"},"content":{"rendered":"\n<h1>DES SOFT SKILLS DE PLUS EN PLUS CONTEST\u00c9ES<\/h1>\n\n\n\n<p>06\/12\/2022 &#8211; par&nbsp;<a href=\"https:\/\/www.strategies.fr\/recherche\/all\/%22Murielle%20Wolski%22\">Murielle Wolski<\/a><\/p>\n\n\n\n<h2>Port\u00e9es aux nues depuis plusieurs ann\u00e9es, les soft skills sont de plus en plus souvent sujettes aux critiques. Simple mise en perspective&nbsp;? Ou remise en question d&rsquo;une approche manag\u00e9riale&nbsp;?<\/h2>\n\n\n\n<figure class=\"wp-block-image\"><a href=\"https:\/\/www.strategies.fr\/emploi-formation\/management\/LQ1261077C\/des-soft-skills-de-plus-en-plus-contestees.html#media-data-popup\"><img src=\"https:\/\/www.strategies.fr\/sites\/default\/files\/styles\/article_main_w600\/public\/styles\/swyp-web\/public\/OUVordi2153HDiStock.jpg?itok=m7eebcQ4\" alt=\"\"\/><\/a><\/figure>\n\n\n\n<p>Intitul\u00e9e \u00ab&nbsp;Le d\u00e9lire collectif des soft skills&nbsp;\u00bb, la vid\u00e9o d\u2019Ibrahima Fall, docteur en gestion, a fait un tabac.&nbsp;<em>\u00ab&nbsp;D\u2019ordinaire, les interviews tournent autour des 20&nbsp;000 \u00e0 25&nbsp;000 vues,&nbsp;<\/em>explique Priscilla Dusart, manager de la communication de Xerfi, institut d\u2019\u00e9tudes priv\u00e9<em>. En moins de trois semaines, il en a fait 42&nbsp;500.&nbsp;\u00bb<\/em>&nbsp;Serait-ce le premier signe du l\u00e9zardage d&rsquo;un discours bien rod\u00e9 derri\u00e8re lequel toutes les entreprises s\u2019engouffrent t\u00eate baiss\u00e9e, sans plus de r\u00e9flexion&nbsp;?&nbsp; Que sont les soft skills, selon Ibrahima Fall ?&nbsp;<em>\u00ab<\/em>&nbsp;<em>Une bou\u00e9e de sauvetage<\/em>, r\u00e9pond-il.&nbsp;<em>Le management a pour ambition d\u2019aider les entreprises \u00e0 ma\u00eetriser l\u2019incertitude. Et les comp\u00e9tences<\/em><img src=\"https:\/\/static.qiota.com\/assets\/qiotasession.gif?ts=1670831160\">&#8230;&#8230;.<\/p>\n\n\n\n<figure class=\"wp-block-image size-large\"><img src=\"https:\/\/ibrahimafall.com\/wp-content\/uploads\/2022\/12\/11-pdf-1024x724.jpg\" alt=\"\" class=\"wp-image-593\"\/><\/figure>\n\n\n\n<figure class=\"wp-block-image size-large\"><img src=\"https:\/\/ibrahimafall.com\/wp-content\/uploads\/2022\/12\/22-pdf-1024x724.jpg\" alt=\"\" class=\"wp-image-594\"\/><\/figure>\n","protected":false},"excerpt":{"rendered":"<p>DES SOFT SKILLS DE PLUS EN PLUS CONTEST\u00c9ES 06\/12\/2022 &#8211; par&nbsp;Murielle Wolski Port\u00e9es aux nues depuis plusieurs ann\u00e9es, les soft skills sont de plus en plus souvent sujettes aux critiques. Simple mise en perspective&nbsp;? Ou remise en question d&rsquo;une approche manag\u00e9riale&nbsp;? Intitul\u00e9e \u00ab&nbsp;Le d\u00e9lire collectif des soft skills&nbsp;\u00bb, la vid\u00e9o d\u2019Ibrahima Fall, docteur en gestion, &hellip; <\/p>\n<p class=\"link-more\"><a href=\"https:\/\/ibrahimafall.com\/?p=592\" class=\"more-link\">Continuer la lecture<span class=\"screen-reader-text\"> de &laquo;&nbsp;Article dans le magazine \u00ab\u00a0Strat\u00e9gies\u00a0\u00bb&nbsp;&raquo;<\/span><\/a><\/p>\n","protected":false},"author":1,"featured_media":0,"comment_status":"open","ping_status":"open","sticky":true,"template":"","format":"standard","meta":[],"categories":[1],"tags":[],"_links":{"self":[{"href":"https:\/\/ibrahimafall.com\/index.php?rest_route=\/wp\/v2\/posts\/592"}],"collection":[{"href":"https:\/\/ibrahimafall.com\/index.php?rest_route=\/wp\/v2\/posts"}],"about":[{"href":"https:\/\/ibrahimafall.com\/index.php?rest_route=\/wp\/v2\/types\/post"}],"author":[{"embeddable":true,"href":"https:\/\/ibrahimafall.com\/index.php?rest_route=\/wp\/v2\/users\/1"}],"replies":[{"embeddable":true,"href":"https:\/\/ibrahimafall.com\/index.php?rest_route=%2Fwp%2Fv2%2Fcomments&post=592"}],"version-history":[{"count":3,"href":"https:\/\/ibrahimafall.com\/index.php?rest_route=\/wp\/v2\/posts\/592\/revisions"}],"predecessor-version":[{"id":615,"href":"https:\/\/ibrahimafall.com\/index.php?rest_route=\/wp\/v2\/posts\/592\/revisions\/615"}],"wp:attachment":[{"href":"https:\/\/ibrahimafall.com\/index.php?rest_route=%2Fwp%2Fv2%2Fmedia&parent=592"}],"wp:term":[{"taxonomy":"category","embeddable":true,"href":"https:\/\/ibrahimafall.com\/index.php?rest_route=%2Fwp%2Fv2%2Fcategories&post=592"},{"taxonomy":"post_tag","embeddable":true,"href":"https:\/\/ibrahimafall.com\/index.php?rest_route=%2Fwp%2Fv2%2Ftags&post=592"}],"curies":[{"name":"wp","href":"https:\/\/api.w.org\/{rel}","templated":true}]}}