{"id":460,"date":"2022-10-10T08:28:42","date_gmt":"2022-10-10T06:28:42","guid":{"rendered":"http:\/\/ibrahimafall.com\/?p=460"},"modified":"2022-10-10T08:28:42","modified_gmt":"2022-10-10T06:28:42","slug":"la-responsabilite-devant-le-langage-responsabilite-oubliee-qui-determine-pourtant-toutes-les-autres-formes-de-responsabilites-sociale-environnementale","status":"publish","type":"post","link":"https:\/\/ibrahimafall.com\/?p=460","title":{"rendered":"La responsabilit\u00e9 devant le langage :  responsabilit\u00e9 oubli\u00e9e qui d\u00e9termine pourtant toutes les autres formes de responsabilit\u00e9s (sociale,  environnementale&#8230;)"},"content":{"rendered":"\n<p class=\"has-drop-cap\">Dans un article pr\u00e9c\u00e9dent, j&rsquo;ai essay\u00e9 de montrer les raisons qui font que l&rsquo;enjambeur est devenu un personnage central dans les organisations de par sa capacit\u00e9 \u00e0 faire fi du r\u00e9el, des connaissances minimales sur l\u2019Homme et l\u2019action collective, ce qui, d\u00e8s lors, permet d&rsquo;accr\u00e9diter les pires sottises au grand dam des faits, de transformer l\u2019insignifiance en n\u00e9cessit\u00e9 absolue et la n\u00e9cessit\u00e9 en gausserie.<\/p>\n\n\n\n<p>L&rsquo;instrument cl\u00e9 de l&rsquo;enjambeur, c&rsquo;est la phras\u00e9ologie c&rsquo;est-\u00e0-dire la langue de la \u00ab\u00a0d\u00e9connance\u00a0\u00bb (traduction de bullshit par Jacques Bouveresse) : la langue de l&rsquo;indiff\u00e9rence \u00e0 la v\u00e9rit\u00e9, indiff\u00e9rence pire que le mensonge comme l&rsquo;avait montr\u00e9 Harry Frankfurt dans son ouvrage \u00ab\u00a0On bullshit\u00a0\u00bb.<\/p>\n\n\n\n<p><strong>Au-del\u00e0 de la novlangue : la phras\u00e9ologie<\/strong><\/p>\n\n\n\n<p>Faite de clich\u00e9s, remplie d&rsquo;images, la phras\u00e9ologie a \u00e9t\u00e9 finement th\u00e9oris\u00e9e par Karl Kraus, \u00e9crivain et satiriste autrichien. Ersatz de langue (Kraus distingue d&rsquo;ailleurs la langue de la phras\u00e9ologie), autoporteuse, clinique, paresseuse, la phras\u00e9ologie ne laisse aucune chance \u00e0 la capacit\u00e9 de penser donc \u00e0 la complexit\u00e9 du r\u00e9el. Elle supplante la novlangue manag\u00e9riale dans l&rsquo;abstrait et l&rsquo;abscons. En effet, tandis que la novlangue s&rsquo;illustre par des euph\u00e9misations et des paraboles pour faire infuser un syst\u00e8me de valeurs et des r\u00e9f\u00e9rences afin de contr\u00f4ler les consciences, la phras\u00e9ologie manag\u00e9riale arrive en terrain conquis, les valeurs sont d\u00e9j\u00e0 int\u00e9gr\u00e9es et m\u00eame profess\u00e9es, elle s\u2019attelle donc \u00e0 ne rien dire tout en disant quelque chose. Elle est faite, d&rsquo;une succession de mots sans concepts \u00e9tablis s\u00e9rieusement voire sans concepts du tout, qui finissent par ne poser de probl\u00e8mes \u00e0 personne : \u00ab\u00a0embaucher des personnalit\u00e9s\u00a0\u00bb, \u00ab\u00a0piloter la transformation des organisations\u00a0\u00bb,  \u00ab\u00a0mettre en \u0153uvre le \u00ab\u00a0travail hybride\u00a0\u00bb&#8230; L&rsquo;objectif de la phras\u00e9ologie manag\u00e9riale  est de consolider un double du r\u00e9el d\u00e9j\u00e0 pr\u00e9sent dans les esprits et dans les c\u0153urs. Elle est l&rsquo;instrument de la logistique du dernier kilom\u00e8tre d&rsquo;attention&#8230; \u00e0 d\u00e9rober. <\/p>\n\n\n\n<p><strong>La phras\u00e9ologie est devenue, depuis de nombreuses ann\u00e9es plus que la \u00ab\u00a0langue\u00a0\u00bb du management, elle est devenue le management (en tout cas sa branche mainstream) par le truchement de deux inducteurs : la simplification de l&rsquo;Homme et du social et l\u2019importation aveugle et partielle de concepts et de th\u00e9ories venant de diverses sciences.<\/strong><\/p>\n\n\n\n<ul><li><strong>La simplification de l&rsquo;Homme et du social<\/strong><\/li><\/ul>\n\n\n\n<p>La simplification de l&rsquo;Homme consiste \u00e0 r\u00e9duire l&rsquo;humain et le social \u00e0 leurs parts calculables et assujetissables \u00e0 des indicateurs, \u00e0 faire fi de toute singularit\u00e9 possible et \u00e0 gommer les exceptions. Dans le pays idyllique d&rsquo;un tel management, le r\u00e9el, c&rsquo;est le visible, le social, c&rsquo;est un ensemble d&rsquo;agents. D\u00e8s lors, ce qu&rsquo;on ne peut pas comprendre par des chiffres ou \u00e0 cause d&rsquo;une non r\u00e9p\u00e9tition, n&rsquo;existe pas. Une telle absurdit\u00e9, c&rsquo;est ce que postule, en filigrane, le management mainstream qui ne prend au s\u00e9rieux que les apparences au grand dam du sujet pensant et agissant, int\u00e9gr\u00e9 dans un syst\u00e8me de relations c&rsquo;est \u00e0 dire de pouvoirs. Cette r\u00e9duction de l&rsquo;Homme \u00e0 sa dimension objectivable n&rsquo;est pas illogique car elle est n\u00e9cessaire pour le traiter en \u00ab&nbsp;ressource&nbsp;\u00bb humaine. Il s&rsquo;agit, ni plus ni moins, d&rsquo;une vaine tentative de programmation de l&rsquo;Homme alors que la conduite rationnelle de ce dernier est difficilement programmable car elle est toujours un amalgame de diff\u00e9rentes formes de rationalit\u00e9s (la rationalit\u00e9 instrumentale n&rsquo;est qu&rsquo;une des formes possibles de rationalit\u00e9s). Qui plus est, l&rsquo;anomal n&rsquo;est jamais une perturbation ou un bruit mais une ode \u00e0 ce qui fait l\u2019Homme : sa singularit\u00e9<\/p>\n\n\n\n<ul><li><strong>L&rsquo;importation aveugle et partielle de concepts et de th\u00e9ories venant de diverses sciences<\/strong><\/li><\/ul>\n\n\n\n<p>Pour compenser les \u00ab\u00a0pertes\u00a0\u00bb du sujet simplifi\u00e9 et transform\u00e9 en ressource (humaine), d\u2019une part, on importe opportun\u00e9ment toute th\u00e9orie et tout concept provenant d&rsquo;autres sciences (anthropologie, psychologie, physique, m\u00e9canique\u2026) sans en assumer la compl\u00e9tude, les conditions de possibilit\u00e9, le sens circonscrit et d\u2019autre part, on s\u2019adonne \u00e0 la g\u00e9n\u00e9ralisation hyperbolique de r\u00e9sultats fragmentaires. L&rsquo;importation du concept de culture en entreprise en est une bonne illustration. La culture est un objet fondamental pour les anthropologues et les ethnologues (et bien d&rsquo;autres sp\u00e9cialistes) qui mettent des dizaines d&rsquo;ann\u00e9es \u00e0 comprendre partiellement une culture. Import\u00e9e dans le management mainstream donc en entreprise, aucune pr\u00e9caution d&rsquo;usage n&rsquo;est alors n\u00e9cessaire, on y parlera d\u00e9sormais de \u00ab\u00a0plan de transformation de la culture de l&rsquo;entreprise\u00a0\u00bb, de \u00ab\u00a0pilotage de la culture de l&rsquo;entreprise\u00a0\u00bb comme si cette derni\u00e8re \u00e9tait un objet de gestion facilement identifiable, mod\u00e9lisable \u00e0 souhait et perm\u00e9able \u00e0 tous les traitements. Idem pour les mesures\/indicateurs, les statisticiens savent les utiliser avec pr\u00e9caution car comme le stipule la loi de Goodhart que tout bon statisticien conna\u00eet, une mesure qui devient un objectif, cesse d&rsquo;\u00eatre une bonne mesure. En entreprise, les mesures deviennent vite des objectifs qu&rsquo;il faut piloter, ce qui non seulement n&rsquo;a aucun sens mais conditionne les esprits pour qui la carte devient le territoire avec toutes les manipulations et fraudes \u00e0 la cl\u00e9 : il est beaucoup plus facile de manipuler la carte que le territoire.<\/p>\n\n\n\n<p><strong>Le management-phras\u00e9ologie<\/strong><\/p>\n\n\n\n<p>Dans cette entreprise de construction de l&rsquo;Homme actionnable par la simplification et l&rsquo;importation de r\u00e9sultats partiels d\u00e9contextualis\u00e9s, la phras\u00e9ologie devient le management c&rsquo;est \u00e0 dire le ciment n\u00e9cessaire pour agir dans le sens souhait\u00e9 tout en fa\u00e7onnant les esprits comme l&rsquo;hypnotiseur qui avec ses tours nous d\u00e9tache de la r\u00e9alit\u00e9 pour nous faire accepter ses ordres, nous transformant ainsi en com\u00e9dien d&rsquo;un spectacle dont on n&rsquo;a pas lu le sc\u00e9nario. Comme Valery, je pense qu\u2019il y a \u00ab&nbsp;quelque chose pire que l\u2019absence de d\u00e9finitions et de noms exacts, c\u2019est l\u2019apparence de d\u00e9finitions et de noms exacts\u00a0\u00bb. A la diff\u00e9rence de l&rsquo;hypnotiseur qui, \u00e0 la fin de son tour, vous \u00ab\u00a0r\u00e9veille\u00a0\u00bb, la phras\u00e9ologie agit comme un cancer de l&rsquo;esprit car le retour en arri\u00e8re est difficile pour l&rsquo;esprit contamin\u00e9. Elle fa\u00e7onne un type d&rsquo;homme pr\u00eat \u00e0 enjamber le r\u00e9el car comme nous l&rsquo;apprend Emmanuel Mounier, \u00e0 force d&rsquo;ignorer, on oublie, \u00e0 force d&rsquo;oublier, on nie. La phras\u00e9ologie, comme l&rsquo;avait vu Kraus est un meurtrier de l&rsquo;imagination. Elle est donc tout sauf neutre car elle transforme les Hommes en choses et les choses en Hommes en paralysant compl\u00e8tement l&rsquo;imagination qui, dans un environnement de plus en plus complexe, demeure l&rsquo;assurance vie supr\u00eame de toute organisation.<\/p>\n\n\n\n<p><strong>Un monde insensible au vrai et \u00e0 la souffrance d&rsquo;autrui<\/strong><\/p>\n\n\n\n<p>Ce qui tue l&rsquo;imagination, tue l&rsquo;avenir des organisations nonobstant les discours (marketing) actuels sur \u00ab\u00a0l&rsquo;intelligence collective\u00a0\u00bb. Il n&rsquo;y a pas d&rsquo;intelligence collective, d\u2019intelligence supra-individuelle devons-nous dire pour \u00eatre rigoureux, dans les entreprises o\u00f9 r\u00e8gne en ma\u00eetre la phras\u00e9ologie car comme le note Fran\u00e7ois Daniellou, \u00ab\u00a0les mots et les concepts qu\u2019il est possible d\u2019utiliser dans une entreprise, dans un milieu, \u00e0 un moment donn\u00e9, constituent aussi une injonction sur les formes de pens\u00e9e\u00a0\u00bb. On devient l&rsquo;homme de son uniforme disait Napol\u00e9on, nous savons, au moins depuis Kraus, qu&rsquo;on devient l&rsquo;homme de sa phras\u00e9ologie car cette derni\u00e8re oriente \u00e0 la fois les pens\u00e9es et les sentiments. Klemperer l&rsquo;explique brillamment dans son grand ouvrage sur la langue du 3\u00e8me Reich, la langue dit-il \u00ab\u00a0r\u00e9git tout mon \u00eatre moral d&rsquo;autant plus naturellement que je m&rsquo;en remets inconsciemment \u00e0 elle\u2026Les mots peuvent \u00eatre comme de minuscules doses d\u2019arsenic : on les avale sans y prendre garde, ils semblent ne faire aucun effet, et voil\u00e0 qu\u2019apr\u00e8s quelques temps l\u2019effet toxique se fait sentir. Si quelqu\u2019un, au lieu \u00ab\u00a0d\u2019h\u00e9ro\u00efque et vertueux \u00bb, dit pendant assez longtemps \u00ab fanatique \u00bb, il finira par croire vraiment qu\u2019un fanatique est un h\u00e9ros vertueux et que, sans fanatisme, on ne peut pas \u00eatre un h\u00e9ros\u00a0\u00bb. Parler et penser sont un, disait Kraus, ainsi, l&rsquo;absence totale de respect pour le langage s&rsquo;accompagne d&rsquo;une absence de respect aussi compl\u00e8te pour l&rsquo;\u00eatre humain lui- m\u00eame (Bouveresse).<\/p>\n\n\n\n<p><strong>Le monde du travail, fen\u00eatre sur la soci\u00e9t\u00e9<\/strong><\/p>\n\n\n\n<p>Croyant comme d&rsquo;autres en la centralit\u00e9 du travail c&rsquo;est-\u00e0-dire au r\u00f4le \u00e9minemment important des entreprises et des organisations pour notre destin comme civilisation, je pense que lorsque le r\u00e9el est enjamb\u00e9 gr\u00e2ce \u00e0 la phras\u00e9ologie, ce que Kraus avait redout\u00e9 advient inexorablement : des hommes d\u00e9sensibilis\u00e9s \u00e0 la r\u00e9alit\u00e9 (ou du moins ce qui ne les touche pas concr\u00e8tement) par le r\u00e9cit, avec une insensibilit\u00e9 au vrai comme valeur (Engel et Mulligan).<\/p>\n\n\n\n<p>D\u00e8s lors, nous construisons une humanit\u00e9 (compos\u00e9e d&rsquo;enjamb\u00e9s et d&rsquo;enjambeurs) qui comme le dit Kraus \u00ab\u00a0ne sent rien jusqu&rsquo;\u00e0 ce que l&rsquo;on touche \u00e0 sa propre peau, ne per\u00e7oit dans la r\u00e8gle que l&rsquo;exception, ne reconna\u00eet son semblable que sous le concept de son personnage principal, ne r\u00e9agit \u00e0 la perte de son voisin que comme aux fluctuations de la chance et de la malchance, et se fait l&rsquo;effet d&rsquo;\u00eatre d\u00e9j\u00e0 altruiste quand elle ne tire pas un profit usurier de la mis\u00e8re\u2026\u00a0\u00bb. Nous sommes tous t\u00e9moins de cela dans les organisations. La duplicit\u00e9, l&rsquo;\u00e9go\u00efsme, le fayotage, la morale de circonstance, la violence symbolique y sont souvent la norme. Qu&rsquo;on ne s&rsquo;\u00e9tonne donc pas, comme l&rsquo;avait vu Kraus, que le m\u00e9lange entre \u00ab\u00a0la toute-puissance du manque de caract\u00e8re\u00a0\u00bb produite ou induite par la phras\u00e9ologie \u00ab\u00a0en liaison avec une volont\u00e9 crapuleuse\u00a0\u00bb, produit toujours des calamit\u00e9s. La phras\u00e9ologie manag\u00e9riale qui arme la guerre \u00e9conomique (comme la guerre tout court, avec la presse, ce qui fut le grand combat de Kraus), transforme aussi l&rsquo;encre en larmes si ce n&rsquo;est pas en sang (comme dans toute guerre) avec l&rsquo;augmentation des maux du travail qui peuvent aller jusqu&rsquo;au suicide.<\/p>\n\n\n\n<p><strong>La n\u00e9cessit\u00e9 d&rsquo;un \u00ab\u00a0nettoyage de la situation verbale\u00a0\u00bb (Val\u00e9ry) avant toute mise en \u0153uvre d&rsquo;un engagement<\/strong> <\/p>\n\n\n\n<p>C&rsquo;est donc une \u00e9vidence de dire que toute r\u00e9forme des entreprises et du management passera par une lutte acharn\u00e9e contre la phras\u00e9ologie si vous voulons avoir les armes ad\u00e9quates pour faire face aux enjeux d&rsquo;une entreprise int\u00e9gr\u00e9e dans un \u00e9cosyst\u00e8me de plus en plus complexe, qui a beaucoup promis \u00e0 la soci\u00e9t\u00e9 (responsable sociale et environnementale notamment) et peu donn\u00e9 pour l&rsquo;instant. En effet, il n&rsquo;y a pas de responsabilit\u00e9 sociale et environnementale sans responsabilit\u00e9 devant le langage, la premi\u00e8re des responsabilit\u00e9s car elle d\u00e9finit toutes les autres : on ne construit rien de concret et de soutenable sur la fausset\u00e9 car la responsabilit\u00e9 n\u00e9cessite toujours de penser sans fard le r\u00e9el, penser c&rsquo;est parler disait Kraus.<\/p>\n\n\n\n<p>La lutte contre la phras\u00e9ologie m\u00e9rite autant d&rsquo;engagement que la lutte contre les discriminations, \u00e0 une diff\u00e9rence pr\u00e8s : la phras\u00e9ologie est devenue, dans beaucoup d&rsquo;entreprises, normale comme l&rsquo;air qu&rsquo;on respire car la doxa manag\u00e9riale est devenue une religion. Cependant nous savons avec Val\u00e9ry que \u00ab\u00a0la foi n\u2019est pas compatible avec la description et la d\u00e9finition pr\u00e9cise des choses auxquelles elle ne s\u2019applique ni des formes r\u00e9elles qu\u2019elle peut prendre\u00a0\u00bb. La t\u00e2che sera donc \u00e2pre.<\/p>\n\n\n\n<p>Nous pourrons n\u00e9anmoins nous adosser sur les \u00e9paules de Karl Kraus (et bien d&rsquo;autres), peu connu d\u2019une litt\u00e9rature manag\u00e9riale st\u00e9rilement f\u00e9conde mais qui inspira \u00e0 Adorno, l&rsquo;un des principaux repr\u00e9sentants de l&rsquo;Ecole de Francfort, cet hommage m\u00e9morable : \u00ab\u00a0la non science, l&rsquo;anti-science de Kraus surpasse la science\u00a0\u00bb. Les chercheurs, consultants et praticiens en management qui veulent s&rsquo;atteler \u00e0 la diplomatie des disciplines que j&rsquo;appelle de mes v\u0153ux pour sortir de l&rsquo;enjambage du r\u00e9el, gagneraient \u00e0 \u00e9tudier son \u0153uvre qui est plus que d&rsquo;actualit\u00e9 lorsque nous avons \u00e0 d\u00e9monter les ressorts de la phras\u00e9ologie devenue le ciment d&rsquo;une culture organisationnelle assise sur un \u00ab\u00a0surprenant m\u00e9lange de sensibilit\u00e9 aux d\u00e9tails et d&rsquo;insouciance devant l&rsquo;ensemble\u00a0\u00bb comme l&rsquo;avait si bien remarqu\u00e9 Musil. En attendant d&rsquo;organiser la lutte contre cette \u00ab\u00a0catastrophe de la mise en phrases\u00a0\u00bb devenue la norme, \u00ab\u00a0tout homme qui parle doit \u00eatre arr\u00eat\u00e9. Il est en \u00e9tat de vagabondage linguistique\u00a0\u00bb (Charbonneau)<\/p>\n","protected":false},"excerpt":{"rendered":"<p>Dans un article pr\u00e9c\u00e9dent, j&rsquo;ai essay\u00e9 de montrer les raisons qui font que l&rsquo;enjambeur est devenu un personnage central dans les organisations de par sa capacit\u00e9 \u00e0 faire fi du r\u00e9el, des connaissances minimales sur l\u2019Homme et l\u2019action collective, ce qui, d\u00e8s lors, permet d&rsquo;accr\u00e9diter les pires sottises au grand dam des faits, de transformer &hellip; <\/p>\n<p class=\"link-more\"><a href=\"https:\/\/ibrahimafall.com\/?p=460\" class=\"more-link\">Continuer la lecture<span class=\"screen-reader-text\"> de &laquo;&nbsp;La responsabilit\u00e9 devant le langage :  responsabilit\u00e9 oubli\u00e9e qui d\u00e9termine pourtant toutes les autres formes de responsabilit\u00e9s (sociale,  environnementale&#8230;)&nbsp;&raquo;<\/span><\/a><\/p>\n","protected":false},"author":1,"featured_media":478,"comment_status":"open","ping_status":"open","sticky":true,"template":"","format":"standard","meta":[],"categories":[1],"tags":[],"_links":{"self":[{"href":"https:\/\/ibrahimafall.com\/index.php?rest_route=\/wp\/v2\/posts\/460"}],"collection":[{"href":"https:\/\/ibrahimafall.com\/index.php?rest_route=\/wp\/v2\/posts"}],"about":[{"href":"https:\/\/ibrahimafall.com\/index.php?rest_route=\/wp\/v2\/types\/post"}],"author":[{"embeddable":true,"href":"https:\/\/ibrahimafall.com\/index.php?rest_route=\/wp\/v2\/users\/1"}],"replies":[{"embeddable":true,"href":"https:\/\/ibrahimafall.com\/index.php?rest_route=%2Fwp%2Fv2%2Fcomments&post=460"}],"version-history":[{"count":16,"href":"https:\/\/ibrahimafall.com\/index.php?rest_route=\/wp\/v2\/posts\/460\/revisions"}],"predecessor-version":[{"id":480,"href":"https:\/\/ibrahimafall.com\/index.php?rest_route=\/wp\/v2\/posts\/460\/revisions\/480"}],"wp:featuredmedia":[{"embeddable":true,"href":"https:\/\/ibrahimafall.com\/index.php?rest_route=\/wp\/v2\/media\/478"}],"wp:attachment":[{"href":"https:\/\/ibrahimafall.com\/index.php?rest_route=%2Fwp%2Fv2%2Fmedia&parent=460"}],"wp:term":[{"taxonomy":"category","embeddable":true,"href":"https:\/\/ibrahimafall.com\/index.php?rest_route=%2Fwp%2Fv2%2Fcategories&post=460"},{"taxonomy":"post_tag","embeddable":true,"href":"https:\/\/ibrahimafall.com\/index.php?rest_route=%2Fwp%2Fv2%2Ftags&post=460"}],"curies":[{"name":"wp","href":"https:\/\/api.w.org\/{rel}","templated":true}]}}