{"id":201,"date":"2020-12-27T10:21:16","date_gmt":"2020-12-27T09:21:16","guid":{"rendered":"http:\/\/ibrahimafall.com\/?p=201"},"modified":"2021-09-20T09:23:34","modified_gmt":"2021-09-20T07:23:34","slug":"une-crise-peut-en-cacher-une-autre-comprendre-la-crise-du-management-pour-comprendre-la-crise-sanitaire-du-coronavirus-quelques-pistes-de-refondation-du-management","status":"publish","type":"post","link":"https:\/\/ibrahimafall.com\/?p=201","title":{"rendered":"Une crise peut en cacher une autre : comprendre la crise du management pour comprendre la crise sanitaire du coronavirus. Quelques pistes de refondation du management"},"content":{"rendered":"\n<p>C\u2019est un truisme de parler de crise du management. Malgr\u00e9 les vell\u00e9it\u00e9s de r\u00e9forme du management au sein de l\u2019acad\u00e9mie mais aussi au sein des entreprises, force est de constater que les r\u00e9sultats ne sont pas \u00e0 la mesure des attentes. L\u2019humanisme verbal se heurte inexorablement au principe de r\u00e9alit\u00e9, c\u2019est-\u00e0-dire un management toujours r\u00e9duit \u00e0 sa plus petite expression&nbsp;: minimisation des co\u00fbts et maximisation des gains quel que soit le prix \u00e0 payer par ailleurs&nbsp;: humain, social, soci\u00e9tal, environnemental. Ainsi, la crise du coronavirus r\u00e9v\u00e8le les externalit\u00e9s n\u00e9gatives et les cons\u00e9quences n\u00e9fastes de la mise sous management d\u2019un certain nombre d\u2019inducteurs de la crise parmi lesquels, la biodiversit\u00e9, la recherche et la sant\u00e9. En effet, le seuil de retournement des fameuses \u00ab&nbsp;bonnes pratiques&nbsp;\u00bb dont on ne questionne plus la pertinence (bonne pratique pour qui, pourquoi&nbsp;? dans quelle mesure&nbsp;? quand&nbsp;? comment&nbsp;? \u2026) du moment o\u00f9 elles permettent l\u2019action \u00ab&nbsp;efficace&nbsp;\u00bb au service de l\u2019utilit\u00e9 \u00e9conomique, semble avoir \u00e9t\u00e9 atteint. D\u00e8s lors, une v\u00e9ritable r\u00e9forme du management passera par la transformation de la balance des pouvoirs entre l\u2019efficacit\u00e9 technique et l\u2019humain social afin de faire \u00e9merger un management situ\u00e9, ancr\u00e9 dans le contexte des actions, prenant en compte le r\u00e9el du travail et permettant de ne pas perdre le sens des ensembles. Cela consiste \u00e0 produire des innovations manag\u00e9riales explicitement orient\u00e9es (IMEO) afin d\u2019inventer un management qui \u00ab&nbsp;permet de mieux vivre&nbsp;\u00bb.<\/p>\n\n\n\n<p>Article \u00e0 retrouver dans la Revue Question(s) de Management <\/p>\n\n\n\n<p><a href=\"https:\/\/www.cairn.info\/revue-questions-de-management-2020-3-page-61.htm\">https:\/\/www.cairn.info\/revue-questions-de-management-2020-3-page-61.htm<\/a><\/p>\n","protected":false},"excerpt":{"rendered":"<p>C\u2019est un truisme de parler de crise du management. Malgr\u00e9 les vell\u00e9it\u00e9s de r\u00e9forme du management au sein de l\u2019acad\u00e9mie mais aussi au sein des entreprises, force est de constater que les r\u00e9sultats ne sont pas \u00e0 la mesure des attentes. L\u2019humanisme verbal se heurte inexorablement au principe de r\u00e9alit\u00e9, c\u2019est-\u00e0-dire un management toujours r\u00e9duit &hellip; <\/p>\n<p class=\"link-more\"><a href=\"https:\/\/ibrahimafall.com\/?p=201\" class=\"more-link\">Continuer la lecture<span class=\"screen-reader-text\"> de &laquo;&nbsp;Une crise peut en cacher une autre : comprendre la crise du management pour comprendre la crise sanitaire du coronavirus. Quelques pistes de refondation du management&nbsp;&raquo;<\/span><\/a><\/p>\n","protected":false},"author":1,"featured_media":202,"comment_status":"open","ping_status":"open","sticky":false,"template":"","format":"standard","meta":[],"categories":[1],"tags":[],"_links":{"self":[{"href":"https:\/\/ibrahimafall.com\/index.php?rest_route=\/wp\/v2\/posts\/201"}],"collection":[{"href":"https:\/\/ibrahimafall.com\/index.php?rest_route=\/wp\/v2\/posts"}],"about":[{"href":"https:\/\/ibrahimafall.com\/index.php?rest_route=\/wp\/v2\/types\/post"}],"author":[{"embeddable":true,"href":"https:\/\/ibrahimafall.com\/index.php?rest_route=\/wp\/v2\/users\/1"}],"replies":[{"embeddable":true,"href":"https:\/\/ibrahimafall.com\/index.php?rest_route=%2Fwp%2Fv2%2Fcomments&post=201"}],"version-history":[{"count":2,"href":"https:\/\/ibrahimafall.com\/index.php?rest_route=\/wp\/v2\/posts\/201\/revisions"}],"predecessor-version":[{"id":207,"href":"https:\/\/ibrahimafall.com\/index.php?rest_route=\/wp\/v2\/posts\/201\/revisions\/207"}],"wp:featuredmedia":[{"embeddable":true,"href":"https:\/\/ibrahimafall.com\/index.php?rest_route=\/wp\/v2\/media\/202"}],"wp:attachment":[{"href":"https:\/\/ibrahimafall.com\/index.php?rest_route=%2Fwp%2Fv2%2Fmedia&parent=201"}],"wp:term":[{"taxonomy":"category","embeddable":true,"href":"https:\/\/ibrahimafall.com\/index.php?rest_route=%2Fwp%2Fv2%2Fcategories&post=201"},{"taxonomy":"post_tag","embeddable":true,"href":"https:\/\/ibrahimafall.com\/index.php?rest_route=%2Fwp%2Fv2%2Ftags&post=201"}],"curies":[{"name":"wp","href":"https:\/\/api.w.org\/{rel}","templated":true}]}}