{"id":196,"date":"2021-08-25T10:07:51","date_gmt":"2021-08-25T08:07:51","guid":{"rendered":"http:\/\/ibrahimafall.com\/?p=196"},"modified":"2021-09-20T09:22:10","modified_gmt":"2021-09-20T07:22:10","slug":"manager-en-2050-sadapter-ou-se-revolter","status":"publish","type":"post","link":"https:\/\/ibrahimafall.com\/?p=196","title":{"rendered":"Manager en 2050 : s&rsquo;adapter ou se r\u00e9volter ?"},"content":{"rendered":"\n<p>Pour le compte du magazine Recto\/Verso d&rsquo;Eurogroup Consulting, il nous avait \u00e9t\u00e9 demand\u00e9, \u00e0 David Autissier (Directeur de la Chaire Essec du Changement et de la Chaire Essec IMEO) et \u00e0 moi m\u00eame, de dire ce que pourrait \u00eatre \u00ab\u00a0manager en 2050\u00a0\u00bb. N&rsquo;\u00e9tant pas futurologue, j&rsquo;ai quand m\u00eame accept\u00e9 l&rsquo;exercice qui nous sortait de l&rsquo;ordinaire. Voici le r\u00e9sultat :<\/p>\n\n\n\n<div class=\"wp-block-file\"><a href=\"https:\/\/ibrahimafall.com\/wp-content\/uploads\/2021\/08\/Manager-ou-menager-2050-combiner-automatisation-et-humanisme.pdf\">En 2050,  automatisation et humanisme ? par David Autissier <\/a><a href=\"https:\/\/ibrahimafall.com\/wp-content\/uploads\/2021\/08\/Manager-ou-menager-2050-combiner-automatisation-et-humanisme.pdf\" class=\"wp-block-file__button\" download>T\u00e9l\u00e9charger<\/a><\/div>\n\n\n\n<div class=\"wp-block-file\"><a href=\"https:\/\/ibrahimafall.com\/wp-content\/uploads\/2021\/08\/Ibrahima-Fall-Manager-ou-menager-2050-Sadapter-ou-se-revolter-2.pdf\">En 2050, S&rsquo;adapter ou se r\u00e9volter ? par Ibrahima FALL<\/a><a href=\"https:\/\/ibrahimafall.com\/wp-content\/uploads\/2021\/08\/Ibrahima-Fall-Manager-ou-menager-2050-Sadapter-ou-se-revolter-2.pdf\" class=\"wp-block-file__button\" download>T\u00e9l\u00e9charger<\/a><\/div>\n","protected":false},"excerpt":{"rendered":"<p>Pour le compte du magazine Recto\/Verso d&rsquo;Eurogroup Consulting, il nous avait \u00e9t\u00e9 demand\u00e9, \u00e0 David Autissier (Directeur de la Chaire Essec du Changement et de la Chaire Essec IMEO) et \u00e0 moi m\u00eame, de dire ce que pourrait \u00eatre \u00ab\u00a0manager en 2050\u00a0\u00bb. N&rsquo;\u00e9tant pas futurologue, j&rsquo;ai quand m\u00eame accept\u00e9 l&rsquo;exercice qui nous sortait de l&rsquo;ordinaire. &hellip; <\/p>\n<p class=\"link-more\"><a href=\"https:\/\/ibrahimafall.com\/?p=196\" class=\"more-link\">Continuer la lecture<span class=\"screen-reader-text\"> de &laquo;&nbsp;Manager en 2050 : s&rsquo;adapter ou se r\u00e9volter ?&nbsp;&raquo;<\/span><\/a><\/p>\n","protected":false},"author":1,"featured_media":0,"comment_status":"open","ping_status":"open","sticky":false,"template":"","format":"standard","meta":[],"categories":[1],"tags":[],"_links":{"self":[{"href":"https:\/\/ibrahimafall.com\/index.php?rest_route=\/wp\/v2\/posts\/196"}],"collection":[{"href":"https:\/\/ibrahimafall.com\/index.php?rest_route=\/wp\/v2\/posts"}],"about":[{"href":"https:\/\/ibrahimafall.com\/index.php?rest_route=\/wp\/v2\/types\/post"}],"author":[{"embeddable":true,"href":"https:\/\/ibrahimafall.com\/index.php?rest_route=\/wp\/v2\/users\/1"}],"replies":[{"embeddable":true,"href":"https:\/\/ibrahimafall.com\/index.php?rest_route=%2Fwp%2Fv2%2Fcomments&post=196"}],"version-history":[{"count":4,"href":"https:\/\/ibrahimafall.com\/index.php?rest_route=\/wp\/v2\/posts\/196\/revisions"}],"predecessor-version":[{"id":217,"href":"https:\/\/ibrahimafall.com\/index.php?rest_route=\/wp\/v2\/posts\/196\/revisions\/217"}],"wp:attachment":[{"href":"https:\/\/ibrahimafall.com\/index.php?rest_route=%2Fwp%2Fv2%2Fmedia&parent=196"}],"wp:term":[{"taxonomy":"category","embeddable":true,"href":"https:\/\/ibrahimafall.com\/index.php?rest_route=%2Fwp%2Fv2%2Fcategories&post=196"},{"taxonomy":"post_tag","embeddable":true,"href":"https:\/\/ibrahimafall.com\/index.php?rest_route=%2Fwp%2Fv2%2Ftags&post=196"}],"curies":[{"name":"wp","href":"https:\/\/api.w.org\/{rel}","templated":true}]}}